{"id":13502,"date":"2024-10-08T10:06:58","date_gmt":"2024-10-08T10:06:58","guid":{"rendered":"https:\/\/www.ottoundmueller.de\/?p=13502"},"modified":"2024-10-27T09:49:19","modified_gmt":"2024-10-27T09:49:19","slug":"13502-2","status":"publish","type":"post","link":"https:\/\/www.ottoundmueller.de\/en\/13502-2\/","title":{"rendered":"Er\u00f6ffnung Heinz-Steyer-Stadion"},"content":{"rendered":"<p>Am 30. August 2024 wurde in Dresden eines der traditionsreichsten deutschen Leichtathletikstadien als moderne Multifunktionsarena wiederer\u00f6ffnet. Bei der Einweihungsfeier und dem anl\u00e4sslich der Er\u00f6ffnung erstmals wieder ausgetragenen Leichtathletikevent \u201eGoldenes Oval\u201c sorgten die Athleten im Stadion und das heimische Publikum auf den R\u00e4ngen f\u00fcr eine unglaubliche Stimmung und Begeisterung f\u00fcr die neue Sportst\u00e4tte. Nach dem gewonnenen Wettbewerb im Jahre 2021 wurde in nur dreieinhalbj\u00e4hriger Planungs- und Bauzeit der Komplettumbau des Stadions realisiert. Markenzeichen der Sportst\u00e4tte mit Strahlkraft in Sichtweite zur Dresdner Innenstad ist der Lichtring, der das ganze Stadion umspannt. Ein gro\u00dfartiges Projekt mit tollen Partnern und ein grandioses Event. Wir sagen Danke an alle, die mitgewirkt haben, es hat gro\u00dfen Spa\u00df gemacht.<\/p>","protected":false},"excerpt":{"rendered":"<p>Am 30. August 2024 wurde in Dresden eines der traditionsreichsten deutschen Leichtathletikstadien als moderne Multifunktionsarena wiederer\u00f6ffnet. Bei der Einweihungsfeier und dem anl\u00e4sslich der Er\u00f6ffnung erstmals wieder ausgetragenen Leichtathletikevent \u201eGoldenes Oval\u201c sorgten die Athleten im Stadion und das heimische Publikum auf den R\u00e4ngen f\u00fcr eine unglaubliche Stimmung und Begeisterung f\u00fcr die neue Sportst\u00e4tte. Nach dem gewonnenen Wettbewerb im Jahre 2021 wurde in nur dreieinhalbj\u00e4hriger Planungs- und Bauzeit der Komplettumbau des Stadions realisiert. Markenzeichen der Sportst\u00e4tte mit Strahlkraft in Sichtweite zur Dresdner Innenstad ist der Lichtring, der das ganze Stadion umspannt. Ein gro\u00dfartiges Projekt mit tollen Partnern und ein grandioses Event. Wir sagen Danke an alle, die mitgewirkt haben, es hat gro\u00dfen Spa\u00df gemacht.<\/p>","protected":false},"author":3,"featured_media":13503,"comment_status":"closed","ping_status":"closed","sticky":false,"template":"","format":"standard","meta":{"_acf_changed":false,"footnotes":""},"categories":[6],"tags":[],"class_list":["post-13502","post","type-post","status-publish","format-standard","has-post-thumbnail","hentry","category-news"],"acf":[],"yoast_head":"<!-- This site is optimized with the Yoast SEO plugin v27.5 - https:\/\/yoast.com\/product\/yoast-seo-wordpress\/ -->\n<title>Er\u00f6ffnung Heinz-Steyer-Stadion - O+M Architekten<\/title>\n<meta name=\"robots\" content=\"index, follow, max-snippet:-1, max-image-preview:large, max-video-preview:-1\" \/>\n<link rel=\"canonical\" href=\"https:\/\/www.ottoundmueller.de\/en\/13502-2\/\" \/>\n<meta property=\"og:locale\" content=\"en_GB\" \/>\n<meta property=\"og:type\" content=\"article\" \/>\n<meta property=\"og:title\" content=\"Er\u00f6ffnung Heinz-Steyer-Stadion - O+M Architekten\" \/>\n<meta property=\"og:description\" content=\"Am 30. August 2024 wurde in Dresden eines der traditionsreichsten deutschen Leichtathletikstadien als moderne Multifunktionsarena wiederer\u00f6ffnet. Bei der Einweihungsfeier und dem anl\u00e4sslich der Er\u00f6ffnung erstmals wieder ausgetragenen Leichtathletikevent \u201eGoldenes Oval\u201c sorgten die Athleten im Stadion und das heimische Publikum auf den R\u00e4ngen f\u00fcr eine unglaubliche Stimmung und Begeisterung f\u00fcr die neue Sportst\u00e4tte. Nach dem gewonnenen Wettbewerb im Jahre 2021 wurde in nur dreieinhalbj\u00e4hriger Planungs- und Bauzeit der Komplettumbau des Stadions realisiert. Markenzeichen der Sportst\u00e4tte mit Strahlkraft in Sichtweite zur Dresdner Innenstad ist der Lichtring, der das ganze Stadion umspannt. Ein gro\u00dfartiges Projekt mit tollen Partnern und ein grandioses Event. Wir sagen Danke an alle, die mitgewirkt haben, es hat gro\u00dfen Spa\u00df gemacht.\" \/>\n<meta property=\"og:url\" content=\"https:\/\/www.ottoundmueller.de\/en\/13502-2\/\" \/>\n<meta property=\"og:site_name\" content=\"O+M Architekten\" \/>\n<meta property=\"article:published_time\" content=\"2024-10-08T10:06:58+00:00\" \/>\n<meta property=\"article:modified_time\" content=\"2024-10-27T09:49:19+00:00\" \/>\n<meta property=\"og:image\" content=\"https:\/\/www.ottoundmueller.de\/wp-content\/uploads\/2024\/10\/06_heinz-steyer-stadion_news_om_architekten_dresden.jpg\" \/>\n\t<meta property=\"og:image:width\" content=\"630\" \/>\n\t<meta property=\"og:image:height\" content=\"378\" \/>\n\t<meta property=\"og:image:type\" content=\"image\/jpeg\" \/>\n<meta name=\"author\" content=\"o-und-m\" \/>\n<meta name=\"twitter:card\" content=\"summary_large_image\" \/>\n<meta name=\"twitter:label1\" content=\"Written by\" \/>\n\t<meta name=\"twitter:data1\" content=\"o-und-m\" \/>\n\t<meta name=\"twitter:label2\" content=\"Estimated reading time\" \/>\n\t<meta name=\"twitter:data2\" content=\"1 minute\" \/>\n<script type=\"application\/ld+json\" class=\"yoast-schema-graph\">{\"@context\":\"https:\\\/\\\/schema.org\",\"@graph\":[{\"@type\":\"Article\",\"@id\":\"https:\\\/\\\/www.ottoundmueller.de\\\/13502-2\\\/#article\",\"isPartOf\":{\"@id\":\"https:\\\/\\\/www.ottoundmueller.de\\\/13502-2\\\/\"},\"author\":{\"name\":\"o-und-m\",\"@id\":\"https:\\\/\\\/www.ottoundmueller.de\\\/#\\\/schema\\\/person\\\/36dd1cf742b3d834da3e507afef4785f\"},\"headline\":\"Er\u00f6ffnung Heinz-Steyer-Stadion\",\"datePublished\":\"2024-10-08T10:06:58+00:00\",\"dateModified\":\"2024-10-27T09:49:19+00:00\",\"mainEntityOfPage\":{\"@id\":\"https:\\\/\\\/www.ottoundmueller.de\\\/13502-2\\\/\"},\"wordCount\":123,\"publisher\":{\"@id\":\"https:\\\/\\\/www.ottoundmueller.de\\\/#organization\"},\"image\":{\"@id\":\"https:\\\/\\\/www.ottoundmueller.de\\\/13502-2\\\/#primaryimage\"},\"thumbnailUrl\":\"https:\\\/\\\/www.ottoundmueller.de\\\/wp-content\\\/uploads\\\/2024\\\/10\\\/06_heinz-steyer-stadion_news_om_architekten_dresden.jpg\",\"articleSection\":[\"News\"],\"inLanguage\":\"en-GB\"},{\"@type\":\"WebPage\",\"@id\":\"https:\\\/\\\/www.ottoundmueller.de\\\/13502-2\\\/\",\"url\":\"https:\\\/\\\/www.ottoundmueller.de\\\/13502-2\\\/\",\"name\":\"Er\u00f6ffnung Heinz-Steyer-Stadion - O+M Architekten\",\"isPartOf\":{\"@id\":\"https:\\\/\\\/www.ottoundmueller.de\\\/#website\"},\"primaryImageOfPage\":{\"@id\":\"https:\\\/\\\/www.ottoundmueller.de\\\/13502-2\\\/#primaryimage\"},\"image\":{\"@id\":\"https:\\\/\\\/www.ottoundmueller.de\\\/13502-2\\\/#primaryimage\"},\"thumbnailUrl\":\"https:\\\/\\\/www.ottoundmueller.de\\\/wp-content\\\/uploads\\\/2024\\\/10\\\/06_heinz-steyer-stadion_news_om_architekten_dresden.jpg\",\"datePublished\":\"2024-10-08T10:06:58+00:00\",\"dateModified\":\"2024-10-27T09:49:19+00:00\",\"breadcrumb\":{\"@id\":\"https:\\\/\\\/www.ottoundmueller.de\\\/13502-2\\\/#breadcrumb\"},\"inLanguage\":\"en-GB\",\"potentialAction\":[{\"@type\":\"ReadAction\",\"target\":[\"https:\\\/\\\/www.ottoundmueller.de\\\/13502-2\\\/\"]}]},{\"@type\":\"ImageObject\",\"inLanguage\":\"en-GB\",\"@id\":\"https:\\\/\\\/www.ottoundmueller.de\\\/13502-2\\\/#primaryimage\",\"url\":\"https:\\\/\\\/www.ottoundmueller.de\\\/wp-content\\\/uploads\\\/2024\\\/10\\\/06_heinz-steyer-stadion_news_om_architekten_dresden.jpg\",\"contentUrl\":\"https:\\\/\\\/www.ottoundmueller.de\\\/wp-content\\\/uploads\\\/2024\\\/10\\\/06_heinz-steyer-stadion_news_om_architekten_dresden.jpg\",\"width\":630,\"height\":378,\"caption\":\"default\"},{\"@type\":\"BreadcrumbList\",\"@id\":\"https:\\\/\\\/www.ottoundmueller.de\\\/13502-2\\\/#breadcrumb\",\"itemListElement\":[{\"@type\":\"ListItem\",\"position\":1,\"name\":\"Startseite\",\"item\":\"https:\\\/\\\/www.ottoundmueller.de\\\/\"},{\"@type\":\"ListItem\",\"position\":2,\"name\":\"Er\u00f6ffnung Heinz-Steyer-Stadion\"}]},{\"@type\":\"WebSite\",\"@id\":\"https:\\\/\\\/www.ottoundmueller.de\\\/#website\",\"url\":\"https:\\\/\\\/www.ottoundmueller.de\\\/\",\"name\":\"O+M Architekten\",\"description\":\"Architekturb\u00fcro in Dresden\",\"publisher\":{\"@id\":\"https:\\\/\\\/www.ottoundmueller.de\\\/#organization\"},\"potentialAction\":[{\"@type\":\"SearchAction\",\"target\":{\"@type\":\"EntryPoint\",\"urlTemplate\":\"https:\\\/\\\/www.ottoundmueller.de\\\/?s={search_term_string}\"},\"query-input\":{\"@type\":\"PropertyValueSpecification\",\"valueRequired\":true,\"valueName\":\"search_term_string\"}}],\"inLanguage\":\"en-GB\"},{\"@type\":\"Organization\",\"@id\":\"https:\\\/\\\/www.ottoundmueller.de\\\/#organization\",\"name\":\"O+M Architekten\",\"alternateName\":\"O+M\",\"url\":\"https:\\\/\\\/www.ottoundmueller.de\\\/\",\"logo\":{\"@type\":\"ImageObject\",\"inLanguage\":\"en-GB\",\"@id\":\"https:\\\/\\\/www.ottoundmueller.de\\\/#\\\/schema\\\/logo\\\/image\\\/\",\"url\":\"https:\\\/\\\/www.ottoundmueller.de\\\/wp-content\\\/uploads\\\/2024\\\/06\\\/OM-Logo-2025.jpg\",\"contentUrl\":\"https:\\\/\\\/www.ottoundmueller.de\\\/wp-content\\\/uploads\\\/2024\\\/06\\\/OM-Logo-2025.jpg\",\"width\":2000,\"height\":911,\"caption\":\"O+M Architekten\"},\"image\":{\"@id\":\"https:\\\/\\\/www.ottoundmueller.de\\\/#\\\/schema\\\/logo\\\/image\\\/\"},\"sameAs\":[\"https:\\\/\\\/www.instagram.com\\\/ottoundmueller\\\/\"]},{\"@type\":\"Person\",\"@id\":\"https:\\\/\\\/www.ottoundmueller.de\\\/#\\\/schema\\\/person\\\/36dd1cf742b3d834da3e507afef4785f\",\"name\":\"o-und-m\",\"image\":{\"@type\":\"ImageObject\",\"inLanguage\":\"en-GB\",\"@id\":\"https:\\\/\\\/secure.gravatar.com\\\/avatar\\\/da01e0b9607fae75888bb58ca8b9eca70855df71efeecb732f570c3bb8fba495?s=96&d=mm&r=g\",\"url\":\"https:\\\/\\\/secure.gravatar.com\\\/avatar\\\/da01e0b9607fae75888bb58ca8b9eca70855df71efeecb732f570c3bb8fba495?s=96&d=mm&r=g\",\"contentUrl\":\"https:\\\/\\\/secure.gravatar.com\\\/avatar\\\/da01e0b9607fae75888bb58ca8b9eca70855df71efeecb732f570c3bb8fba495?s=96&d=mm&r=g\",\"caption\":\"o-und-m\"},\"url\":\"https:\\\/\\\/www.ottoundmueller.de\\\/en\\\/author\\\/o-und-m\\\/\"}]}<\/script>\n<!-- \/ Yoast SEO plugin. -->","yoast_head_json":{"title":"Er\u00f6ffnung Heinz-Steyer-Stadion - O+M Architekten","robots":{"index":"index","follow":"follow","max-snippet":"max-snippet:-1","max-image-preview":"max-image-preview:large","max-video-preview":"max-video-preview:-1"},"canonical":"https:\/\/www.ottoundmueller.de\/en\/13502-2\/","og_locale":"en_GB","og_type":"article","og_title":"Er\u00f6ffnung Heinz-Steyer-Stadion - O+M Architekten","og_description":"Am 30. August 2024 wurde in Dresden eines der traditionsreichsten deutschen Leichtathletikstadien als moderne Multifunktionsarena wiederer\u00f6ffnet. Bei der Einweihungsfeier und dem anl\u00e4sslich der Er\u00f6ffnung erstmals wieder ausgetragenen Leichtathletikevent \u201eGoldenes Oval\u201c sorgten die Athleten im Stadion und das heimische Publikum auf den R\u00e4ngen f\u00fcr eine unglaubliche Stimmung und Begeisterung f\u00fcr die neue Sportst\u00e4tte. Nach dem gewonnenen Wettbewerb im Jahre 2021 wurde in nur dreieinhalbj\u00e4hriger Planungs- und Bauzeit der Komplettumbau des Stadions realisiert. Markenzeichen der Sportst\u00e4tte mit Strahlkraft in Sichtweite zur Dresdner Innenstad ist der Lichtring, der das ganze Stadion umspannt. Ein gro\u00dfartiges Projekt mit tollen Partnern und ein grandioses Event. Wir sagen Danke an alle, die mitgewirkt haben, es hat gro\u00dfen Spa\u00df gemacht.","og_url":"https:\/\/www.ottoundmueller.de\/en\/13502-2\/","og_site_name":"O+M Architekten","article_published_time":"2024-10-08T10:06:58+00:00","article_modified_time":"2024-10-27T09:49:19+00:00","og_image":[{"width":630,"height":378,"url":"https:\/\/www.ottoundmueller.de\/wp-content\/uploads\/2024\/10\/06_heinz-steyer-stadion_news_om_architekten_dresden.jpg","type":"image\/jpeg"}],"author":"o-und-m","twitter_card":"summary_large_image","twitter_misc":{"Written by":"o-und-m","Estimated reading time":"1 minute"},"schema":{"@context":"https:\/\/schema.org","@graph":[{"@type":"Article","@id":"https:\/\/www.ottoundmueller.de\/13502-2\/#article","isPartOf":{"@id":"https:\/\/www.ottoundmueller.de\/13502-2\/"},"author":{"name":"o-und-m","@id":"https:\/\/www.ottoundmueller.de\/#\/schema\/person\/36dd1cf742b3d834da3e507afef4785f"},"headline":"Er\u00f6ffnung Heinz-Steyer-Stadion","datePublished":"2024-10-08T10:06:58+00:00","dateModified":"2024-10-27T09:49:19+00:00","mainEntityOfPage":{"@id":"https:\/\/www.ottoundmueller.de\/13502-2\/"},"wordCount":123,"publisher":{"@id":"https:\/\/www.ottoundmueller.de\/#organization"},"image":{"@id":"https:\/\/www.ottoundmueller.de\/13502-2\/#primaryimage"},"thumbnailUrl":"https:\/\/www.ottoundmueller.de\/wp-content\/uploads\/2024\/10\/06_heinz-steyer-stadion_news_om_architekten_dresden.jpg","articleSection":["News"],"inLanguage":"en-GB"},{"@type":"WebPage","@id":"https:\/\/www.ottoundmueller.de\/13502-2\/","url":"https:\/\/www.ottoundmueller.de\/13502-2\/","name":"Er\u00f6ffnung Heinz-Steyer-Stadion - O+M Architekten","isPartOf":{"@id":"https:\/\/www.ottoundmueller.de\/#website"},"primaryImageOfPage":{"@id":"https:\/\/www.ottoundmueller.de\/13502-2\/#primaryimage"},"image":{"@id":"https:\/\/www.ottoundmueller.de\/13502-2\/#primaryimage"},"thumbnailUrl":"https:\/\/www.ottoundmueller.de\/wp-content\/uploads\/2024\/10\/06_heinz-steyer-stadion_news_om_architekten_dresden.jpg","datePublished":"2024-10-08T10:06:58+00:00","dateModified":"2024-10-27T09:49:19+00:00","breadcrumb":{"@id":"https:\/\/www.ottoundmueller.de\/13502-2\/#breadcrumb"},"inLanguage":"en-GB","potentialAction":[{"@type":"ReadAction","target":["https:\/\/www.ottoundmueller.de\/13502-2\/"]}]},{"@type":"ImageObject","inLanguage":"en-GB","@id":"https:\/\/www.ottoundmueller.de\/13502-2\/#primaryimage","url":"https:\/\/www.ottoundmueller.de\/wp-content\/uploads\/2024\/10\/06_heinz-steyer-stadion_news_om_architekten_dresden.jpg","contentUrl":"https:\/\/www.ottoundmueller.de\/wp-content\/uploads\/2024\/10\/06_heinz-steyer-stadion_news_om_architekten_dresden.jpg","width":630,"height":378,"caption":"default"},{"@type":"BreadcrumbList","@id":"https:\/\/www.ottoundmueller.de\/13502-2\/#breadcrumb","itemListElement":[{"@type":"ListItem","position":1,"name":"Startseite","item":"https:\/\/www.ottoundmueller.de\/"},{"@type":"ListItem","position":2,"name":"Er\u00f6ffnung Heinz-Steyer-Stadion"}]},{"@type":"WebSite","@id":"https:\/\/www.ottoundmueller.de\/#website","url":"https:\/\/www.ottoundmueller.de\/","name":"O+M Architekten","description":"Architekturb\u00fcro in Dresden","publisher":{"@id":"https:\/\/www.ottoundmueller.de\/#organization"},"potentialAction":[{"@type":"SearchAction","target":{"@type":"EntryPoint","urlTemplate":"https:\/\/www.ottoundmueller.de\/?s={search_term_string}"},"query-input":{"@type":"PropertyValueSpecification","valueRequired":true,"valueName":"search_term_string"}}],"inLanguage":"en-GB"},{"@type":"Organization","@id":"https:\/\/www.ottoundmueller.de\/#organization","name":"O+M Architekten","alternateName":"O+M","url":"https:\/\/www.ottoundmueller.de\/","logo":{"@type":"ImageObject","inLanguage":"en-GB","@id":"https:\/\/www.ottoundmueller.de\/#\/schema\/logo\/image\/","url":"https:\/\/www.ottoundmueller.de\/wp-content\/uploads\/2024\/06\/OM-Logo-2025.jpg","contentUrl":"https:\/\/www.ottoundmueller.de\/wp-content\/uploads\/2024\/06\/OM-Logo-2025.jpg","width":2000,"height":911,"caption":"O+M Architekten"},"image":{"@id":"https:\/\/www.ottoundmueller.de\/#\/schema\/logo\/image\/"},"sameAs":["https:\/\/www.instagram.com\/ottoundmueller\/"]},{"@type":"Person","@id":"https:\/\/www.ottoundmueller.de\/#\/schema\/person\/36dd1cf742b3d834da3e507afef4785f","name":"o-und-m","image":{"@type":"ImageObject","inLanguage":"en-GB","@id":"https:\/\/secure.gravatar.com\/avatar\/da01e0b9607fae75888bb58ca8b9eca70855df71efeecb732f570c3bb8fba495?s=96&d=mm&r=g","url":"https:\/\/secure.gravatar.com\/avatar\/da01e0b9607fae75888bb58ca8b9eca70855df71efeecb732f570c3bb8fba495?s=96&d=mm&r=g","contentUrl":"https:\/\/secure.gravatar.com\/avatar\/da01e0b9607fae75888bb58ca8b9eca70855df71efeecb732f570c3bb8fba495?s=96&d=mm&r=g","caption":"o-und-m"},"url":"https:\/\/www.ottoundmueller.de\/en\/author\/o-und-m\/"}]}},"_links":{"self":[{"href":"https:\/\/www.ottoundmueller.de\/en\/wp-json\/wp\/v2\/posts\/13502","targetHints":{"allow":["GET"]}}],"collection":[{"href":"https:\/\/www.ottoundmueller.de\/en\/wp-json\/wp\/v2\/posts"}],"about":[{"href":"https:\/\/www.ottoundmueller.de\/en\/wp-json\/wp\/v2\/types\/post"}],"author":[{"embeddable":true,"href":"https:\/\/www.ottoundmueller.de\/en\/wp-json\/wp\/v2\/users\/3"}],"replies":[{"embeddable":true,"href":"https:\/\/www.ottoundmueller.de\/en\/wp-json\/wp\/v2\/comments?post=13502"}],"version-history":[{"count":3,"href":"https:\/\/www.ottoundmueller.de\/en\/wp-json\/wp\/v2\/posts\/13502\/revisions"}],"predecessor-version":[{"id":13565,"href":"https:\/\/www.ottoundmueller.de\/en\/wp-json\/wp\/v2\/posts\/13502\/revisions\/13565"}],"wp:featuredmedia":[{"embeddable":true,"href":"https:\/\/www.ottoundmueller.de\/en\/wp-json\/wp\/v2\/media\/13503"}],"wp:attachment":[{"href":"https:\/\/www.ottoundmueller.de\/en\/wp-json\/wp\/v2\/media?parent=13502"}],"wp:term":[{"taxonomy":"category","embeddable":true,"href":"https:\/\/www.ottoundmueller.de\/en\/wp-json\/wp\/v2\/categories?post=13502"},{"taxonomy":"post_tag","embeddable":true,"href":"https:\/\/www.ottoundmueller.de\/en\/wp-json\/wp\/v2\/tags?post=13502"}],"curies":[{"name":"wp","href":"https:\/\/api.w.org\/{rel}","templated":true}]}}