{"id":13082,"date":"2024-07-25T11:38:16","date_gmt":"2024-07-25T11:38:16","guid":{"rendered":"https:\/\/calibri.ottoundmueller.de\/?p=13082"},"modified":"2024-10-27T10:01:15","modified_gmt":"2024-10-27T10:01:15","slug":"aktiv-durchs-jahr","status":"publish","type":"post","link":"https:\/\/www.ottoundmueller.de\/en\/aktiv-durchs-jahr\/","title":{"rendered":"Aktiv durchs Jahr"},"content":{"rendered":"<p>Trotz pandemiebedingter Einschr\u00e4nkungen haben wir auch 2021 vielf\u00e4ltige B\u00fcroaktivit\u00e4ten durchgef\u00fchrt. <br>Wir waren mit dem ganzen Team auf unseren Baustellen unterwegs, haben ein Familiensommerfest gefeiert, uns zum Beachvolleyball getroffen, waren mit einem Coach beim Bogenschie\u00dfen und haben dar\u00fcberhinaus regelm\u00e4\u00dfig auf erreichte Meilensteine angesto\u00dfen. Den Abschluss bildete ein coronakonform veranstalteter B\u00fcroweihnachtsabend.<\/p>","protected":false},"excerpt":{"rendered":"<p>Trotz pandemiebedingter Einschr\u00e4nkungen haben wir auch 2021 vielf\u00e4ltige B\u00fcroaktivit\u00e4ten durchgef\u00fchrt. Wir waren mit dem ganzen Team auf unseren Baustellen unterwegs, haben ein Familiensommerfest gefeiert, uns zum Beachvolleyball getroffen, waren mit einem Coach beim Bogenschie\u00dfen und haben dar\u00fcberhinaus regelm\u00e4\u00dfig auf erreichte Meilensteine angesto\u00dfen. Den Abschluss bildete ein coronakonform veranstalteter B\u00fcroweihnachtsabend.<\/p>","protected":false},"author":3,"featured_media":13083,"comment_status":"closed","ping_status":"closed","sticky":false,"template":"","format":"standard","meta":{"_acf_changed":false,"footnotes":""},"categories":[6],"tags":[],"class_list":["post-13082","post","type-post","status-publish","format-standard","has-post-thumbnail","hentry","category-news"],"acf":[],"yoast_head":"<!-- This site is optimized with the Yoast SEO plugin v27.5 - https:\/\/yoast.com\/product\/yoast-seo-wordpress\/ -->\n<title>Aktiv durchs Jahr - O+M Architekten<\/title>\n<meta name=\"robots\" content=\"index, follow, max-snippet:-1, max-image-preview:large, max-video-preview:-1\" \/>\n<link rel=\"canonical\" href=\"https:\/\/www.ottoundmueller.de\/en\/aktiv-durchs-jahr\/\" \/>\n<meta property=\"og:locale\" content=\"en_GB\" \/>\n<meta property=\"og:type\" content=\"article\" \/>\n<meta property=\"og:title\" content=\"Aktiv durchs Jahr - O+M Architekten\" \/>\n<meta property=\"og:description\" content=\"Trotz pandemiebedingter Einschr\u00e4nkungen haben wir auch 2021 vielf\u00e4ltige B\u00fcroaktivit\u00e4ten durchgef\u00fchrt. Wir waren mit dem ganzen Team auf unseren Baustellen unterwegs, haben ein Familiensommerfest gefeiert, uns zum Beachvolleyball getroffen, waren mit einem Coach beim Bogenschie\u00dfen und haben dar\u00fcberhinaus regelm\u00e4\u00dfig auf erreichte Meilensteine angesto\u00dfen. Den Abschluss bildete ein coronakonform veranstalteter B\u00fcroweihnachtsabend.\" \/>\n<meta property=\"og:url\" content=\"https:\/\/www.ottoundmueller.de\/en\/aktiv-durchs-jahr\/\" \/>\n<meta property=\"og:site_name\" content=\"O+M Architekten\" \/>\n<meta property=\"article:published_time\" content=\"2024-07-25T11:38:16+00:00\" \/>\n<meta property=\"article:modified_time\" content=\"2024-10-27T10:01:15+00:00\" \/>\n<meta property=\"og:image\" content=\"https:\/\/www.ottoundmueller.de\/wp-content\/uploads\/2024\/07\/om_architekten_dresden_bogenschiessen_01.jpg\" \/>\n\t<meta property=\"og:image:width\" content=\"2000\" \/>\n\t<meta property=\"og:image:height\" content=\"1500\" \/>\n\t<meta property=\"og:image:type\" content=\"image\/jpeg\" \/>\n<meta name=\"author\" content=\"o-und-m\" \/>\n<meta name=\"twitter:card\" content=\"summary_large_image\" \/>\n<meta name=\"twitter:label1\" content=\"Written by\" \/>\n\t<meta name=\"twitter:data1\" content=\"o-und-m\" \/>\n\t<meta name=\"twitter:label2\" content=\"Estimated reading time\" \/>\n\t<meta name=\"twitter:data2\" content=\"1 minute\" \/>\n<script type=\"application\/ld+json\" class=\"yoast-schema-graph\">{\"@context\":\"https:\\\/\\\/schema.org\",\"@graph\":[{\"@type\":\"Article\",\"@id\":\"https:\\\/\\\/www.ottoundmueller.de\\\/aktiv-durchs-jahr\\\/#article\",\"isPartOf\":{\"@id\":\"https:\\\/\\\/www.ottoundmueller.de\\\/aktiv-durchs-jahr\\\/\"},\"author\":{\"name\":\"o-und-m\",\"@id\":\"https:\\\/\\\/www.ottoundmueller.de\\\/#\\\/schema\\\/person\\\/36dd1cf742b3d834da3e507afef4785f\"},\"headline\":\"Aktiv durchs Jahr\",\"datePublished\":\"2024-07-25T11:38:16+00:00\",\"dateModified\":\"2024-10-27T10:01:15+00:00\",\"mainEntityOfPage\":{\"@id\":\"https:\\\/\\\/www.ottoundmueller.de\\\/aktiv-durchs-jahr\\\/\"},\"wordCount\":61,\"publisher\":{\"@id\":\"https:\\\/\\\/www.ottoundmueller.de\\\/#organization\"},\"image\":{\"@id\":\"https:\\\/\\\/www.ottoundmueller.de\\\/aktiv-durchs-jahr\\\/#primaryimage\"},\"thumbnailUrl\":\"https:\\\/\\\/www.ottoundmueller.de\\\/wp-content\\\/uploads\\\/2024\\\/07\\\/om_architekten_dresden_bogenschiessen_01.jpg\",\"articleSection\":[\"News\"],\"inLanguage\":\"en-GB\"},{\"@type\":\"WebPage\",\"@id\":\"https:\\\/\\\/www.ottoundmueller.de\\\/aktiv-durchs-jahr\\\/\",\"url\":\"https:\\\/\\\/www.ottoundmueller.de\\\/aktiv-durchs-jahr\\\/\",\"name\":\"Aktiv durchs Jahr - O+M Architekten\",\"isPartOf\":{\"@id\":\"https:\\\/\\\/www.ottoundmueller.de\\\/#website\"},\"primaryImageOfPage\":{\"@id\":\"https:\\\/\\\/www.ottoundmueller.de\\\/aktiv-durchs-jahr\\\/#primaryimage\"},\"image\":{\"@id\":\"https:\\\/\\\/www.ottoundmueller.de\\\/aktiv-durchs-jahr\\\/#primaryimage\"},\"thumbnailUrl\":\"https:\\\/\\\/www.ottoundmueller.de\\\/wp-content\\\/uploads\\\/2024\\\/07\\\/om_architekten_dresden_bogenschiessen_01.jpg\",\"datePublished\":\"2024-07-25T11:38:16+00:00\",\"dateModified\":\"2024-10-27T10:01:15+00:00\",\"breadcrumb\":{\"@id\":\"https:\\\/\\\/www.ottoundmueller.de\\\/aktiv-durchs-jahr\\\/#breadcrumb\"},\"inLanguage\":\"en-GB\",\"potentialAction\":[{\"@type\":\"ReadAction\",\"target\":[\"https:\\\/\\\/www.ottoundmueller.de\\\/aktiv-durchs-jahr\\\/\"]}]},{\"@type\":\"ImageObject\",\"inLanguage\":\"en-GB\",\"@id\":\"https:\\\/\\\/www.ottoundmueller.de\\\/aktiv-durchs-jahr\\\/#primaryimage\",\"url\":\"https:\\\/\\\/www.ottoundmueller.de\\\/wp-content\\\/uploads\\\/2024\\\/07\\\/om_architekten_dresden_bogenschiessen_01.jpg\",\"contentUrl\":\"https:\\\/\\\/www.ottoundmueller.de\\\/wp-content\\\/uploads\\\/2024\\\/07\\\/om_architekten_dresden_bogenschiessen_01.jpg\",\"width\":2000,\"height\":1500},{\"@type\":\"BreadcrumbList\",\"@id\":\"https:\\\/\\\/www.ottoundmueller.de\\\/aktiv-durchs-jahr\\\/#breadcrumb\",\"itemListElement\":[{\"@type\":\"ListItem\",\"position\":1,\"name\":\"Startseite\",\"item\":\"https:\\\/\\\/www.ottoundmueller.de\\\/\"},{\"@type\":\"ListItem\",\"position\":2,\"name\":\"Aktiv durchs Jahr\"}]},{\"@type\":\"WebSite\",\"@id\":\"https:\\\/\\\/www.ottoundmueller.de\\\/#website\",\"url\":\"https:\\\/\\\/www.ottoundmueller.de\\\/\",\"name\":\"O+M Architekten\",\"description\":\"Architekturb\u00fcro in Dresden\",\"publisher\":{\"@id\":\"https:\\\/\\\/www.ottoundmueller.de\\\/#organization\"},\"potentialAction\":[{\"@type\":\"SearchAction\",\"target\":{\"@type\":\"EntryPoint\",\"urlTemplate\":\"https:\\\/\\\/www.ottoundmueller.de\\\/?s={search_term_string}\"},\"query-input\":{\"@type\":\"PropertyValueSpecification\",\"valueRequired\":true,\"valueName\":\"search_term_string\"}}],\"inLanguage\":\"en-GB\"},{\"@type\":\"Organization\",\"@id\":\"https:\\\/\\\/www.ottoundmueller.de\\\/#organization\",\"name\":\"O+M Architekten\",\"alternateName\":\"O+M\",\"url\":\"https:\\\/\\\/www.ottoundmueller.de\\\/\",\"logo\":{\"@type\":\"ImageObject\",\"inLanguage\":\"en-GB\",\"@id\":\"https:\\\/\\\/www.ottoundmueller.de\\\/#\\\/schema\\\/logo\\\/image\\\/\",\"url\":\"https:\\\/\\\/www.ottoundmueller.de\\\/wp-content\\\/uploads\\\/2024\\\/06\\\/OM-Logo-2025.jpg\",\"contentUrl\":\"https:\\\/\\\/www.ottoundmueller.de\\\/wp-content\\\/uploads\\\/2024\\\/06\\\/OM-Logo-2025.jpg\",\"width\":2000,\"height\":911,\"caption\":\"O+M Architekten\"},\"image\":{\"@id\":\"https:\\\/\\\/www.ottoundmueller.de\\\/#\\\/schema\\\/logo\\\/image\\\/\"},\"sameAs\":[\"https:\\\/\\\/www.instagram.com\\\/ottoundmueller\\\/\"]},{\"@type\":\"Person\",\"@id\":\"https:\\\/\\\/www.ottoundmueller.de\\\/#\\\/schema\\\/person\\\/36dd1cf742b3d834da3e507afef4785f\",\"name\":\"o-und-m\",\"image\":{\"@type\":\"ImageObject\",\"inLanguage\":\"en-GB\",\"@id\":\"https:\\\/\\\/secure.gravatar.com\\\/avatar\\\/da01e0b9607fae75888bb58ca8b9eca70855df71efeecb732f570c3bb8fba495?s=96&d=mm&r=g\",\"url\":\"https:\\\/\\\/secure.gravatar.com\\\/avatar\\\/da01e0b9607fae75888bb58ca8b9eca70855df71efeecb732f570c3bb8fba495?s=96&d=mm&r=g\",\"contentUrl\":\"https:\\\/\\\/secure.gravatar.com\\\/avatar\\\/da01e0b9607fae75888bb58ca8b9eca70855df71efeecb732f570c3bb8fba495?s=96&d=mm&r=g\",\"caption\":\"o-und-m\"},\"url\":\"https:\\\/\\\/www.ottoundmueller.de\\\/en\\\/author\\\/o-und-m\\\/\"}]}<\/script>\n<!-- \/ Yoast SEO plugin. -->","yoast_head_json":{"title":"Aktiv durchs Jahr - O+M Architekten","robots":{"index":"index","follow":"follow","max-snippet":"max-snippet:-1","max-image-preview":"max-image-preview:large","max-video-preview":"max-video-preview:-1"},"canonical":"https:\/\/www.ottoundmueller.de\/en\/aktiv-durchs-jahr\/","og_locale":"en_GB","og_type":"article","og_title":"Aktiv durchs Jahr - O+M Architekten","og_description":"Trotz pandemiebedingter Einschr\u00e4nkungen haben wir auch 2021 vielf\u00e4ltige B\u00fcroaktivit\u00e4ten durchgef\u00fchrt. Wir waren mit dem ganzen Team auf unseren Baustellen unterwegs, haben ein Familiensommerfest gefeiert, uns zum Beachvolleyball getroffen, waren mit einem Coach beim Bogenschie\u00dfen und haben dar\u00fcberhinaus regelm\u00e4\u00dfig auf erreichte Meilensteine angesto\u00dfen. Den Abschluss bildete ein coronakonform veranstalteter B\u00fcroweihnachtsabend.","og_url":"https:\/\/www.ottoundmueller.de\/en\/aktiv-durchs-jahr\/","og_site_name":"O+M Architekten","article_published_time":"2024-07-25T11:38:16+00:00","article_modified_time":"2024-10-27T10:01:15+00:00","og_image":[{"width":2000,"height":1500,"url":"https:\/\/www.ottoundmueller.de\/wp-content\/uploads\/2024\/07\/om_architekten_dresden_bogenschiessen_01.jpg","type":"image\/jpeg"}],"author":"o-und-m","twitter_card":"summary_large_image","twitter_misc":{"Written by":"o-und-m","Estimated reading time":"1 minute"},"schema":{"@context":"https:\/\/schema.org","@graph":[{"@type":"Article","@id":"https:\/\/www.ottoundmueller.de\/aktiv-durchs-jahr\/#article","isPartOf":{"@id":"https:\/\/www.ottoundmueller.de\/aktiv-durchs-jahr\/"},"author":{"name":"o-und-m","@id":"https:\/\/www.ottoundmueller.de\/#\/schema\/person\/36dd1cf742b3d834da3e507afef4785f"},"headline":"Aktiv durchs Jahr","datePublished":"2024-07-25T11:38:16+00:00","dateModified":"2024-10-27T10:01:15+00:00","mainEntityOfPage":{"@id":"https:\/\/www.ottoundmueller.de\/aktiv-durchs-jahr\/"},"wordCount":61,"publisher":{"@id":"https:\/\/www.ottoundmueller.de\/#organization"},"image":{"@id":"https:\/\/www.ottoundmueller.de\/aktiv-durchs-jahr\/#primaryimage"},"thumbnailUrl":"https:\/\/www.ottoundmueller.de\/wp-content\/uploads\/2024\/07\/om_architekten_dresden_bogenschiessen_01.jpg","articleSection":["News"],"inLanguage":"en-GB"},{"@type":"WebPage","@id":"https:\/\/www.ottoundmueller.de\/aktiv-durchs-jahr\/","url":"https:\/\/www.ottoundmueller.de\/aktiv-durchs-jahr\/","name":"Aktiv durchs Jahr - O+M Architekten","isPartOf":{"@id":"https:\/\/www.ottoundmueller.de\/#website"},"primaryImageOfPage":{"@id":"https:\/\/www.ottoundmueller.de\/aktiv-durchs-jahr\/#primaryimage"},"image":{"@id":"https:\/\/www.ottoundmueller.de\/aktiv-durchs-jahr\/#primaryimage"},"thumbnailUrl":"https:\/\/www.ottoundmueller.de\/wp-content\/uploads\/2024\/07\/om_architekten_dresden_bogenschiessen_01.jpg","datePublished":"2024-07-25T11:38:16+00:00","dateModified":"2024-10-27T10:01:15+00:00","breadcrumb":{"@id":"https:\/\/www.ottoundmueller.de\/aktiv-durchs-jahr\/#breadcrumb"},"inLanguage":"en-GB","potentialAction":[{"@type":"ReadAction","target":["https:\/\/www.ottoundmueller.de\/aktiv-durchs-jahr\/"]}]},{"@type":"ImageObject","inLanguage":"en-GB","@id":"https:\/\/www.ottoundmueller.de\/aktiv-durchs-jahr\/#primaryimage","url":"https:\/\/www.ottoundmueller.de\/wp-content\/uploads\/2024\/07\/om_architekten_dresden_bogenschiessen_01.jpg","contentUrl":"https:\/\/www.ottoundmueller.de\/wp-content\/uploads\/2024\/07\/om_architekten_dresden_bogenschiessen_01.jpg","width":2000,"height":1500},{"@type":"BreadcrumbList","@id":"https:\/\/www.ottoundmueller.de\/aktiv-durchs-jahr\/#breadcrumb","itemListElement":[{"@type":"ListItem","position":1,"name":"Startseite","item":"https:\/\/www.ottoundmueller.de\/"},{"@type":"ListItem","position":2,"name":"Aktiv durchs Jahr"}]},{"@type":"WebSite","@id":"https:\/\/www.ottoundmueller.de\/#website","url":"https:\/\/www.ottoundmueller.de\/","name":"O+M Architekten","description":"Architekturb\u00fcro in Dresden","publisher":{"@id":"https:\/\/www.ottoundmueller.de\/#organization"},"potentialAction":[{"@type":"SearchAction","target":{"@type":"EntryPoint","urlTemplate":"https:\/\/www.ottoundmueller.de\/?s={search_term_string}"},"query-input":{"@type":"PropertyValueSpecification","valueRequired":true,"valueName":"search_term_string"}}],"inLanguage":"en-GB"},{"@type":"Organization","@id":"https:\/\/www.ottoundmueller.de\/#organization","name":"O+M Architekten","alternateName":"O+M","url":"https:\/\/www.ottoundmueller.de\/","logo":{"@type":"ImageObject","inLanguage":"en-GB","@id":"https:\/\/www.ottoundmueller.de\/#\/schema\/logo\/image\/","url":"https:\/\/www.ottoundmueller.de\/wp-content\/uploads\/2024\/06\/OM-Logo-2025.jpg","contentUrl":"https:\/\/www.ottoundmueller.de\/wp-content\/uploads\/2024\/06\/OM-Logo-2025.jpg","width":2000,"height":911,"caption":"O+M Architekten"},"image":{"@id":"https:\/\/www.ottoundmueller.de\/#\/schema\/logo\/image\/"},"sameAs":["https:\/\/www.instagram.com\/ottoundmueller\/"]},{"@type":"Person","@id":"https:\/\/www.ottoundmueller.de\/#\/schema\/person\/36dd1cf742b3d834da3e507afef4785f","name":"o-und-m","image":{"@type":"ImageObject","inLanguage":"en-GB","@id":"https:\/\/secure.gravatar.com\/avatar\/da01e0b9607fae75888bb58ca8b9eca70855df71efeecb732f570c3bb8fba495?s=96&d=mm&r=g","url":"https:\/\/secure.gravatar.com\/avatar\/da01e0b9607fae75888bb58ca8b9eca70855df71efeecb732f570c3bb8fba495?s=96&d=mm&r=g","contentUrl":"https:\/\/secure.gravatar.com\/avatar\/da01e0b9607fae75888bb58ca8b9eca70855df71efeecb732f570c3bb8fba495?s=96&d=mm&r=g","caption":"o-und-m"},"url":"https:\/\/www.ottoundmueller.de\/en\/author\/o-und-m\/"}]}},"_links":{"self":[{"href":"https:\/\/www.ottoundmueller.de\/en\/wp-json\/wp\/v2\/posts\/13082","targetHints":{"allow":["GET"]}}],"collection":[{"href":"https:\/\/www.ottoundmueller.de\/en\/wp-json\/wp\/v2\/posts"}],"about":[{"href":"https:\/\/www.ottoundmueller.de\/en\/wp-json\/wp\/v2\/types\/post"}],"author":[{"embeddable":true,"href":"https:\/\/www.ottoundmueller.de\/en\/wp-json\/wp\/v2\/users\/3"}],"replies":[{"embeddable":true,"href":"https:\/\/www.ottoundmueller.de\/en\/wp-json\/wp\/v2\/comments?post=13082"}],"version-history":[{"count":1,"href":"https:\/\/www.ottoundmueller.de\/en\/wp-json\/wp\/v2\/posts\/13082\/revisions"}],"predecessor-version":[{"id":13574,"href":"https:\/\/www.ottoundmueller.de\/en\/wp-json\/wp\/v2\/posts\/13082\/revisions\/13574"}],"wp:featuredmedia":[{"embeddable":true,"href":"https:\/\/www.ottoundmueller.de\/en\/wp-json\/wp\/v2\/media\/13083"}],"wp:attachment":[{"href":"https:\/\/www.ottoundmueller.de\/en\/wp-json\/wp\/v2\/media?parent=13082"}],"wp:term":[{"taxonomy":"category","embeddable":true,"href":"https:\/\/www.ottoundmueller.de\/en\/wp-json\/wp\/v2\/categories?post=13082"},{"taxonomy":"post_tag","embeddable":true,"href":"https:\/\/www.ottoundmueller.de\/en\/wp-json\/wp\/v2\/tags?post=13082"}],"curies":[{"name":"wp","href":"https:\/\/api.w.org\/{rel}","templated":true}]}}