{"id":11914,"date":"2024-07-11T09:36:12","date_gmt":"2024-07-11T09:36:12","guid":{"rendered":"https:\/\/calibri.ottoundmueller.de\/?p=11914"},"modified":"2024-07-25T09:25:20","modified_gmt":"2024-07-25T09:25:20","slug":"bnb-zertifizierung-153-grundschule","status":"publish","type":"post","link":"https:\/\/www.ottoundmueller.de\/en\/bnb-zertifizierung-153-grundschule\/","title":{"rendered":"BNB-Zertifizierung 153. Grundschule"},"content":{"rendered":"<p>Der Schulstandort der 153. Grundschule in Dresden hat das BNB Zertifikat f\u00fcr Nachhaltiges Bauen in Silber erhalten. Das von O+M Architekten in Zusammenarbeit mit LOR Landschaftsarchitekten geplante Schulensemble setzt sich aus einem denkmalgesch\u00fctzten Bestandsgeb\u00e4ude, einem Erweiterungsneubau mit Foyer, Mensa und Unterrichtsr\u00e4umen sowie dem Neubau einer Turnhalle zusammen. Die Grundschule wurde au\u00dferdem unter dem besonderen Aspekt der Blindeninklusion geplant.<\/p>","protected":false},"excerpt":{"rendered":"<p>Der Schulstandort der 153. Grundschule in Dresden hat das BNB Zertifikat f\u00fcr Nachhaltiges Bauen in Silber erhalten. Das von O+M Architekten in Zusammenarbeit mit LOR Landschaftsarchitekten geplante Schulensemble setzt sich aus einem denkmalgesch\u00fctzten Bestandsgeb\u00e4ude, einem Erweiterungsneubau mit Foyer, Mensa und Unterrichtsr\u00e4umen sowie dem Neubau einer Turnhalle zusammen. Die Grundschule wurde au\u00dferdem unter dem besonderen Aspekt &#8230; <a title=\"BNB-Zertifizierung 153. Grundschule\" class=\"read-more\" href=\"https:\/\/www.ottoundmueller.de\/en\/bnb-zertifizierung-153-grundschule\/\" aria-label=\"Read more about BNB-Zertifizierung 153. Grundschule\">Read more<\/a><\/p>","protected":false},"author":3,"featured_media":10977,"comment_status":"closed","ping_status":"closed","sticky":false,"template":"","format":"standard","meta":{"_acf_changed":false,"footnotes":""},"categories":[6],"tags":[],"class_list":["post-11914","post","type-post","status-publish","format-standard","has-post-thumbnail","hentry","category-news"],"acf":[],"yoast_head":"<!-- This site is optimized with the Yoast SEO plugin v27.5 - https:\/\/yoast.com\/product\/yoast-seo-wordpress\/ -->\n<title>BNB-Zertifizierung 153. Grundschule - O+M Architekten<\/title>\n<meta name=\"robots\" content=\"index, follow, max-snippet:-1, max-image-preview:large, max-video-preview:-1\" \/>\n<link rel=\"canonical\" href=\"https:\/\/www.ottoundmueller.de\/en\/bnb-zertifizierung-153-grundschule\/\" \/>\n<meta property=\"og:locale\" content=\"en_GB\" \/>\n<meta property=\"og:type\" content=\"article\" \/>\n<meta property=\"og:title\" content=\"BNB-Zertifizierung 153. Grundschule - O+M Architekten\" \/>\n<meta property=\"og:description\" content=\"Der Schulstandort der 153. Grundschule in Dresden hat das BNB Zertifikat f\u00fcr Nachhaltiges Bauen in Silber erhalten. Das von O+M Architekten in Zusammenarbeit mit LOR Landschaftsarchitekten geplante Schulensemble setzt sich aus einem denkmalgesch\u00fctzten Bestandsgeb\u00e4ude, einem Erweiterungsneubau mit Foyer, Mensa und Unterrichtsr\u00e4umen sowie dem Neubau einer Turnhalle zusammen. Die Grundschule wurde au\u00dferdem unter dem besonderen Aspekt ... Read more\" \/>\n<meta property=\"og:url\" content=\"https:\/\/www.ottoundmueller.de\/en\/bnb-zertifizierung-153-grundschule\/\" \/>\n<meta property=\"og:site_name\" content=\"O+M Architekten\" \/>\n<meta property=\"article:published_time\" content=\"2024-07-11T09:36:12+00:00\" \/>\n<meta property=\"article:modified_time\" content=\"2024-07-25T09:25:20+00:00\" \/>\n<meta property=\"og:image\" content=\"https:\/\/www.ottoundmueller.de\/wp-content\/uploads\/2024\/07\/1_OM-Architekten_Grundschule_Dresden_Bildung_Inklusion_Aussen_web.jpg\" \/>\n\t<meta property=\"og:image:width\" content=\"2000\" \/>\n\t<meta property=\"og:image:height\" content=\"1500\" \/>\n\t<meta property=\"og:image:type\" content=\"image\/jpeg\" \/>\n<meta name=\"author\" content=\"o-und-m\" \/>\n<meta name=\"twitter:card\" content=\"summary_large_image\" \/>\n<meta name=\"twitter:label1\" content=\"Written by\" \/>\n\t<meta name=\"twitter:data1\" content=\"o-und-m\" \/>\n<script type=\"application\/ld+json\" class=\"yoast-schema-graph\">{\"@context\":\"https:\\\/\\\/schema.org\",\"@graph\":[{\"@type\":\"Article\",\"@id\":\"https:\\\/\\\/www.ottoundmueller.de\\\/bnb-zertifizierung-153-grundschule\\\/#article\",\"isPartOf\":{\"@id\":\"https:\\\/\\\/www.ottoundmueller.de\\\/bnb-zertifizierung-153-grundschule\\\/\"},\"author\":{\"name\":\"o-und-m\",\"@id\":\"https:\\\/\\\/www.ottoundmueller.de\\\/#\\\/schema\\\/person\\\/36dd1cf742b3d834da3e507afef4785f\"},\"headline\":\"BNB-Zertifizierung 153. Grundschule\",\"datePublished\":\"2024-07-11T09:36:12+00:00\",\"dateModified\":\"2024-07-25T09:25:20+00:00\",\"mainEntityOfPage\":{\"@id\":\"https:\\\/\\\/www.ottoundmueller.de\\\/bnb-zertifizierung-153-grundschule\\\/\"},\"wordCount\":65,\"publisher\":{\"@id\":\"https:\\\/\\\/www.ottoundmueller.de\\\/#organization\"},\"image\":{\"@id\":\"https:\\\/\\\/www.ottoundmueller.de\\\/bnb-zertifizierung-153-grundschule\\\/#primaryimage\"},\"thumbnailUrl\":\"https:\\\/\\\/www.ottoundmueller.de\\\/wp-content\\\/uploads\\\/2024\\\/07\\\/1_OM-Architekten_Grundschule_Dresden_Bildung_Inklusion_Aussen_web.jpg\",\"articleSection\":[\"News\"],\"inLanguage\":\"en-GB\"},{\"@type\":\"WebPage\",\"@id\":\"https:\\\/\\\/www.ottoundmueller.de\\\/bnb-zertifizierung-153-grundschule\\\/\",\"url\":\"https:\\\/\\\/www.ottoundmueller.de\\\/bnb-zertifizierung-153-grundschule\\\/\",\"name\":\"BNB-Zertifizierung 153. Grundschule - O+M Architekten\",\"isPartOf\":{\"@id\":\"https:\\\/\\\/www.ottoundmueller.de\\\/#website\"},\"primaryImageOfPage\":{\"@id\":\"https:\\\/\\\/www.ottoundmueller.de\\\/bnb-zertifizierung-153-grundschule\\\/#primaryimage\"},\"image\":{\"@id\":\"https:\\\/\\\/www.ottoundmueller.de\\\/bnb-zertifizierung-153-grundschule\\\/#primaryimage\"},\"thumbnailUrl\":\"https:\\\/\\\/www.ottoundmueller.de\\\/wp-content\\\/uploads\\\/2024\\\/07\\\/1_OM-Architekten_Grundschule_Dresden_Bildung_Inklusion_Aussen_web.jpg\",\"datePublished\":\"2024-07-11T09:36:12+00:00\",\"dateModified\":\"2024-07-25T09:25:20+00:00\",\"breadcrumb\":{\"@id\":\"https:\\\/\\\/www.ottoundmueller.de\\\/bnb-zertifizierung-153-grundschule\\\/#breadcrumb\"},\"inLanguage\":\"en-GB\",\"potentialAction\":[{\"@type\":\"ReadAction\",\"target\":[\"https:\\\/\\\/www.ottoundmueller.de\\\/bnb-zertifizierung-153-grundschule\\\/\"]}]},{\"@type\":\"ImageObject\",\"inLanguage\":\"en-GB\",\"@id\":\"https:\\\/\\\/www.ottoundmueller.de\\\/bnb-zertifizierung-153-grundschule\\\/#primaryimage\",\"url\":\"https:\\\/\\\/www.ottoundmueller.de\\\/wp-content\\\/uploads\\\/2024\\\/07\\\/1_OM-Architekten_Grundschule_Dresden_Bildung_Inklusion_Aussen_web.jpg\",\"contentUrl\":\"https:\\\/\\\/www.ottoundmueller.de\\\/wp-content\\\/uploads\\\/2024\\\/07\\\/1_OM-Architekten_Grundschule_Dresden_Bildung_Inklusion_Aussen_web.jpg\",\"width\":2000,\"height\":1500},{\"@type\":\"BreadcrumbList\",\"@id\":\"https:\\\/\\\/www.ottoundmueller.de\\\/bnb-zertifizierung-153-grundschule\\\/#breadcrumb\",\"itemListElement\":[{\"@type\":\"ListItem\",\"position\":1,\"name\":\"Startseite\",\"item\":\"https:\\\/\\\/www.ottoundmueller.de\\\/\"},{\"@type\":\"ListItem\",\"position\":2,\"name\":\"BNB-Zertifizierung 153. Grundschule\"}]},{\"@type\":\"WebSite\",\"@id\":\"https:\\\/\\\/www.ottoundmueller.de\\\/#website\",\"url\":\"https:\\\/\\\/www.ottoundmueller.de\\\/\",\"name\":\"O+M Architekten\",\"description\":\"Architekturb\u00fcro in Dresden\",\"publisher\":{\"@id\":\"https:\\\/\\\/www.ottoundmueller.de\\\/#organization\"},\"potentialAction\":[{\"@type\":\"SearchAction\",\"target\":{\"@type\":\"EntryPoint\",\"urlTemplate\":\"https:\\\/\\\/www.ottoundmueller.de\\\/?s={search_term_string}\"},\"query-input\":{\"@type\":\"PropertyValueSpecification\",\"valueRequired\":true,\"valueName\":\"search_term_string\"}}],\"inLanguage\":\"en-GB\"},{\"@type\":\"Organization\",\"@id\":\"https:\\\/\\\/www.ottoundmueller.de\\\/#organization\",\"name\":\"O+M Architekten\",\"alternateName\":\"O+M\",\"url\":\"https:\\\/\\\/www.ottoundmueller.de\\\/\",\"logo\":{\"@type\":\"ImageObject\",\"inLanguage\":\"en-GB\",\"@id\":\"https:\\\/\\\/www.ottoundmueller.de\\\/#\\\/schema\\\/logo\\\/image\\\/\",\"url\":\"https:\\\/\\\/www.ottoundmueller.de\\\/wp-content\\\/uploads\\\/2024\\\/06\\\/OM-Logo-2025.jpg\",\"contentUrl\":\"https:\\\/\\\/www.ottoundmueller.de\\\/wp-content\\\/uploads\\\/2024\\\/06\\\/OM-Logo-2025.jpg\",\"width\":2000,\"height\":911,\"caption\":\"O+M Architekten\"},\"image\":{\"@id\":\"https:\\\/\\\/www.ottoundmueller.de\\\/#\\\/schema\\\/logo\\\/image\\\/\"},\"sameAs\":[\"https:\\\/\\\/www.instagram.com\\\/ottoundmueller\\\/\"]},{\"@type\":\"Person\",\"@id\":\"https:\\\/\\\/www.ottoundmueller.de\\\/#\\\/schema\\\/person\\\/36dd1cf742b3d834da3e507afef4785f\",\"name\":\"o-und-m\",\"image\":{\"@type\":\"ImageObject\",\"inLanguage\":\"en-GB\",\"@id\":\"https:\\\/\\\/secure.gravatar.com\\\/avatar\\\/da01e0b9607fae75888bb58ca8b9eca70855df71efeecb732f570c3bb8fba495?s=96&d=mm&r=g\",\"url\":\"https:\\\/\\\/secure.gravatar.com\\\/avatar\\\/da01e0b9607fae75888bb58ca8b9eca70855df71efeecb732f570c3bb8fba495?s=96&d=mm&r=g\",\"contentUrl\":\"https:\\\/\\\/secure.gravatar.com\\\/avatar\\\/da01e0b9607fae75888bb58ca8b9eca70855df71efeecb732f570c3bb8fba495?s=96&d=mm&r=g\",\"caption\":\"o-und-m\"},\"url\":\"https:\\\/\\\/www.ottoundmueller.de\\\/en\\\/author\\\/o-und-m\\\/\"}]}<\/script>\n<!-- \/ Yoast SEO plugin. -->","yoast_head_json":{"title":"BNB-Zertifizierung 153. Grundschule - O+M Architekten","robots":{"index":"index","follow":"follow","max-snippet":"max-snippet:-1","max-image-preview":"max-image-preview:large","max-video-preview":"max-video-preview:-1"},"canonical":"https:\/\/www.ottoundmueller.de\/en\/bnb-zertifizierung-153-grundschule\/","og_locale":"en_GB","og_type":"article","og_title":"BNB-Zertifizierung 153. Grundschule - O+M Architekten","og_description":"Der Schulstandort der 153. Grundschule in Dresden hat das BNB Zertifikat f\u00fcr Nachhaltiges Bauen in Silber erhalten. Das von O+M Architekten in Zusammenarbeit mit LOR Landschaftsarchitekten geplante Schulensemble setzt sich aus einem denkmalgesch\u00fctzten Bestandsgeb\u00e4ude, einem Erweiterungsneubau mit Foyer, Mensa und Unterrichtsr\u00e4umen sowie dem Neubau einer Turnhalle zusammen. Die Grundschule wurde au\u00dferdem unter dem besonderen Aspekt ... Read more","og_url":"https:\/\/www.ottoundmueller.de\/en\/bnb-zertifizierung-153-grundschule\/","og_site_name":"O+M Architekten","article_published_time":"2024-07-11T09:36:12+00:00","article_modified_time":"2024-07-25T09:25:20+00:00","og_image":[{"width":2000,"height":1500,"url":"https:\/\/www.ottoundmueller.de\/wp-content\/uploads\/2024\/07\/1_OM-Architekten_Grundschule_Dresden_Bildung_Inklusion_Aussen_web.jpg","type":"image\/jpeg"}],"author":"o-und-m","twitter_card":"summary_large_image","twitter_misc":{"Written by":"o-und-m"},"schema":{"@context":"https:\/\/schema.org","@graph":[{"@type":"Article","@id":"https:\/\/www.ottoundmueller.de\/bnb-zertifizierung-153-grundschule\/#article","isPartOf":{"@id":"https:\/\/www.ottoundmueller.de\/bnb-zertifizierung-153-grundschule\/"},"author":{"name":"o-und-m","@id":"https:\/\/www.ottoundmueller.de\/#\/schema\/person\/36dd1cf742b3d834da3e507afef4785f"},"headline":"BNB-Zertifizierung 153. Grundschule","datePublished":"2024-07-11T09:36:12+00:00","dateModified":"2024-07-25T09:25:20+00:00","mainEntityOfPage":{"@id":"https:\/\/www.ottoundmueller.de\/bnb-zertifizierung-153-grundschule\/"},"wordCount":65,"publisher":{"@id":"https:\/\/www.ottoundmueller.de\/#organization"},"image":{"@id":"https:\/\/www.ottoundmueller.de\/bnb-zertifizierung-153-grundschule\/#primaryimage"},"thumbnailUrl":"https:\/\/www.ottoundmueller.de\/wp-content\/uploads\/2024\/07\/1_OM-Architekten_Grundschule_Dresden_Bildung_Inklusion_Aussen_web.jpg","articleSection":["News"],"inLanguage":"en-GB"},{"@type":"WebPage","@id":"https:\/\/www.ottoundmueller.de\/bnb-zertifizierung-153-grundschule\/","url":"https:\/\/www.ottoundmueller.de\/bnb-zertifizierung-153-grundschule\/","name":"BNB-Zertifizierung 153. Grundschule - O+M Architekten","isPartOf":{"@id":"https:\/\/www.ottoundmueller.de\/#website"},"primaryImageOfPage":{"@id":"https:\/\/www.ottoundmueller.de\/bnb-zertifizierung-153-grundschule\/#primaryimage"},"image":{"@id":"https:\/\/www.ottoundmueller.de\/bnb-zertifizierung-153-grundschule\/#primaryimage"},"thumbnailUrl":"https:\/\/www.ottoundmueller.de\/wp-content\/uploads\/2024\/07\/1_OM-Architekten_Grundschule_Dresden_Bildung_Inklusion_Aussen_web.jpg","datePublished":"2024-07-11T09:36:12+00:00","dateModified":"2024-07-25T09:25:20+00:00","breadcrumb":{"@id":"https:\/\/www.ottoundmueller.de\/bnb-zertifizierung-153-grundschule\/#breadcrumb"},"inLanguage":"en-GB","potentialAction":[{"@type":"ReadAction","target":["https:\/\/www.ottoundmueller.de\/bnb-zertifizierung-153-grundschule\/"]}]},{"@type":"ImageObject","inLanguage":"en-GB","@id":"https:\/\/www.ottoundmueller.de\/bnb-zertifizierung-153-grundschule\/#primaryimage","url":"https:\/\/www.ottoundmueller.de\/wp-content\/uploads\/2024\/07\/1_OM-Architekten_Grundschule_Dresden_Bildung_Inklusion_Aussen_web.jpg","contentUrl":"https:\/\/www.ottoundmueller.de\/wp-content\/uploads\/2024\/07\/1_OM-Architekten_Grundschule_Dresden_Bildung_Inklusion_Aussen_web.jpg","width":2000,"height":1500},{"@type":"BreadcrumbList","@id":"https:\/\/www.ottoundmueller.de\/bnb-zertifizierung-153-grundschule\/#breadcrumb","itemListElement":[{"@type":"ListItem","position":1,"name":"Startseite","item":"https:\/\/www.ottoundmueller.de\/"},{"@type":"ListItem","position":2,"name":"BNB-Zertifizierung 153. Grundschule"}]},{"@type":"WebSite","@id":"https:\/\/www.ottoundmueller.de\/#website","url":"https:\/\/www.ottoundmueller.de\/","name":"O+M Architekten","description":"Architekturb\u00fcro in Dresden","publisher":{"@id":"https:\/\/www.ottoundmueller.de\/#organization"},"potentialAction":[{"@type":"SearchAction","target":{"@type":"EntryPoint","urlTemplate":"https:\/\/www.ottoundmueller.de\/?s={search_term_string}"},"query-input":{"@type":"PropertyValueSpecification","valueRequired":true,"valueName":"search_term_string"}}],"inLanguage":"en-GB"},{"@type":"Organization","@id":"https:\/\/www.ottoundmueller.de\/#organization","name":"O+M Architekten","alternateName":"O+M","url":"https:\/\/www.ottoundmueller.de\/","logo":{"@type":"ImageObject","inLanguage":"en-GB","@id":"https:\/\/www.ottoundmueller.de\/#\/schema\/logo\/image\/","url":"https:\/\/www.ottoundmueller.de\/wp-content\/uploads\/2024\/06\/OM-Logo-2025.jpg","contentUrl":"https:\/\/www.ottoundmueller.de\/wp-content\/uploads\/2024\/06\/OM-Logo-2025.jpg","width":2000,"height":911,"caption":"O+M Architekten"},"image":{"@id":"https:\/\/www.ottoundmueller.de\/#\/schema\/logo\/image\/"},"sameAs":["https:\/\/www.instagram.com\/ottoundmueller\/"]},{"@type":"Person","@id":"https:\/\/www.ottoundmueller.de\/#\/schema\/person\/36dd1cf742b3d834da3e507afef4785f","name":"o-und-m","image":{"@type":"ImageObject","inLanguage":"en-GB","@id":"https:\/\/secure.gravatar.com\/avatar\/da01e0b9607fae75888bb58ca8b9eca70855df71efeecb732f570c3bb8fba495?s=96&d=mm&r=g","url":"https:\/\/secure.gravatar.com\/avatar\/da01e0b9607fae75888bb58ca8b9eca70855df71efeecb732f570c3bb8fba495?s=96&d=mm&r=g","contentUrl":"https:\/\/secure.gravatar.com\/avatar\/da01e0b9607fae75888bb58ca8b9eca70855df71efeecb732f570c3bb8fba495?s=96&d=mm&r=g","caption":"o-und-m"},"url":"https:\/\/www.ottoundmueller.de\/en\/author\/o-und-m\/"}]}},"_links":{"self":[{"href":"https:\/\/www.ottoundmueller.de\/en\/wp-json\/wp\/v2\/posts\/11914","targetHints":{"allow":["GET"]}}],"collection":[{"href":"https:\/\/www.ottoundmueller.de\/en\/wp-json\/wp\/v2\/posts"}],"about":[{"href":"https:\/\/www.ottoundmueller.de\/en\/wp-json\/wp\/v2\/types\/post"}],"author":[{"embeddable":true,"href":"https:\/\/www.ottoundmueller.de\/en\/wp-json\/wp\/v2\/users\/3"}],"replies":[{"embeddable":true,"href":"https:\/\/www.ottoundmueller.de\/en\/wp-json\/wp\/v2\/comments?post=11914"}],"version-history":[{"count":0,"href":"https:\/\/www.ottoundmueller.de\/en\/wp-json\/wp\/v2\/posts\/11914\/revisions"}],"wp:featuredmedia":[{"embeddable":true,"href":"https:\/\/www.ottoundmueller.de\/en\/wp-json\/wp\/v2\/media\/10977"}],"wp:attachment":[{"href":"https:\/\/www.ottoundmueller.de\/en\/wp-json\/wp\/v2\/media?parent=11914"}],"wp:term":[{"taxonomy":"category","embeddable":true,"href":"https:\/\/www.ottoundmueller.de\/en\/wp-json\/wp\/v2\/categories?post=11914"},{"taxonomy":"post_tag","embeddable":true,"href":"https:\/\/www.ottoundmueller.de\/en\/wp-json\/wp\/v2\/tags?post=11914"}],"curies":[{"name":"wp","href":"https:\/\/api.w.org\/{rel}","templated":true}]}}